{"id":16470,"date":"2019-04-27T17:10:06","date_gmt":"2019-04-27T15:10:06","guid":{"rendered":"https:\/\/sitestory.dk\/wordpress\/?p=16470"},"modified":"2019-10-16T11:01:25","modified_gmt":"2019-10-16T09:01:25","slug":"caravaggio-i-siracusa","status":"publish","type":"post","link":"https:\/\/sitestory.dk\/wordpress\/2019\/04\/27\/caravaggio-i-siracusa\/","title":{"rendered":"Caravaggio i Siracusa"},"content":{"rendered":"<p><strong>Barbarer som os har uforl\u00f8st kulturelt potentiale, og chancen b\u00f8d sig med en udstilling her i Siracusa, en udstilling af maleren Caravaggio.<\/strong><\/p>\n<div id=\"attachment_16471\" style=\"width: 210px\" class=\"wp-caption alignright\"><a href=\"https:\/\/sitestory.dk\/wordpress\/wp-content\/uploads\/2019\/04\/48.jpg\" target=\"_blank\" rel=\"noopener noreferrer\"><img loading=\"lazy\" decoding=\"async\" aria-describedby=\"caption-attachment-16471\" class=\"wp-image-16471 size-medium\" title=\"Caravaggio\" src=\"https:\/\/sitestory.dk\/wordpress\/wp-content\/uploads\/2019\/04\/48-200x300.jpg\" alt=\"Caravaggio\" width=\"200\" height=\"300\" srcset=\"https:\/\/sitestory.dk\/wordpress\/wp-content\/uploads\/2019\/04\/48-200x300.jpg 200w, https:\/\/sitestory.dk\/wordpress\/wp-content\/uploads\/2019\/04\/48.jpg 400w\" sizes=\"auto, (max-width: 200px) 100vw, 200px\" \/><\/a><p id=\"caption-attachment-16471\" class=\"wp-caption-text\">Klik for st\u00f8rre version.<\/p><\/div>\n<p>Ja, det er alts\u00e5 ikke Caravaggio, der udstiller, for han d\u00f8de i 1610, 38 \u00e5r gammel, men da udstillingen er i et palazzo p\u00e5 domkirkepladsen f\u00e5 minutters gang fra lejligheden, var det en mulighed for at f\u00e5 lidt kulturel fernis p\u00e5 den matte overflade.<\/p>\n<p>Min viden om klassiske, italienske malere har afgjort mangler. Mit indtryk fra flere museer er nemlig, at det foretrukne motiv var madonnaen og barnet i utallige variationer, indtil nogen blev alvorligt tr\u00e6tte af det og fandt p\u00e5 noget andet.<\/p>\n<p>Eller nok rettere: Til nogen fandt p\u00e5 at betale for noget andet. Man m\u00e5 v\u00e6re fair og sige, at det er sv\u00e6rt at male sanselige nymfer, hvis den eneste kunde er kirken, der vil have madonnaer.<\/p>\n<p>Nu havde vi s\u00e5 muligheden for at se en af de helt store, en af barokkens pionerer som inspirerede generationer, bl.a. Rubens og Rembrandt for blot at n\u00e6vne to af de kendte.<\/p>\n<p>Vi bes\u00f8gte Siracusas Caravaggio-udstilling, f\u00f8r vi gik p\u00e5 markedet. \u00c5ndelig f\u00f8de fylder, men er v\u00e6gtl\u00f8s og levner plads i rygs\u00e6kken til br\u00f8d og bananer. Det er sv\u00e6rere at konsumere kultur med fisk i oppakningen.<\/p>\n<h3>Udstillingen<\/h3>\n<p>Billetsalget er lige inden for d\u00f8ren, 7 \u20ac per n\u00e6se, og damen med de polerede negle taler nydeligt engelsk. En meter fra kasseapparatet st\u00e5r en smilende habit, som river talonerne af og lader os passere.<\/p>\n<p><!--more--><\/p>\n<p>Indgangen til selve udstillingen er et sort forh\u00e6ng, men f\u00f8r man g\u00e5r ind i det allerhelligste, er der en oplysende planche med tekst p\u00e5 italiensk og engelsk om Caravaggios liv og levned.<\/p>\n<p>Den gode Caravaggio var noget af en vildbasse. Han havde et hidsigt temperament, og i Nordjylland ville vi sige, at han var en skidt kn\u00e6gt.<\/p>\n<p>Han flyttede til Rom og skabte sig et navn, for male det kunne han.<\/p>\n<p>If\u00f8lge nogle kilder var det dog ikke en temperamentshandling, men koldt overl\u00e6g, da han (sammen med andre) myrdede en alfons.<\/p>\n<p>Han flygtede fra retf\u00e6rdigheden og havnede i Napoli, som dengang var et selvst\u00e6ndigt kongerige. Pavestolen fik ham d\u00f8mt til d\u00f8den in absentia.<\/p>\n<p>Jorden begyndte vist ogs\u00e5 at br\u00e6nde under ham i Napoli, for han tog til Malta, hvor han blev optaget i Johanitterordenen. Der er divergerende beretninger om omst\u00e6ndighederne, men ogs\u00e5 her kom han i klammeri og flygtede med venners hj\u00e6lp.<\/p>\n<p>Han havnede p\u00e5 Sicilien, hvor han malede l\u00f8s, og p\u00e5 et tidspunkt blev han ben\u00e5det af pavestolen (man har vel venner) og begav sig mod Rom.<\/p>\n<p>Han d\u00f8de under uklare omst\u00e6ndigheder p\u00e5 vejen, formentlig som offer for et kirkeligt snigmord eller en forgiftning.<\/p>\n<p>Jeg har ikke sat mig s\u00e5 n\u00f8je ind i sagen, men man kan vel roligt kalde omst\u00e6ndighederne for dramatiske.<\/p>\n<h3>Billedet<\/h3>\n<p>Og nu er det s\u00e5 tid til at smyge sig forbi det sorte forh\u00e6ng og beskue kunstskattene. Der er n\u00e6sten intet lys i lokalet, og en dame hvisker til mig, at jeg gerne m\u00e5 tage billeder, men ikke bruge blitz.<\/p>\n<p>S\u00e5 er det sagen at have et godt kamera, der kan operere under lysfattige forhold. Lyss\u00e6tningen er heller ikke ideel, fordi lyset reflekterer i maleriernes lak.<\/p>\n<p>Og det g\u00f8r det i dem alle tre.<\/p>\n<p>Der er nemlig \u00e9t maleri, som Caravaggio har malet, og to af hans ven, Mario Minniti. Caravaggio-billedet er det samme, som pryder udstillingsplakaten, \u201dSankt Andreas korsf\u00e6stelse\u201d eller noget i den dur.<\/p>\n<p>Man kan med andre ord se Caravaggios billede ved at se plakaten, som h\u00e6nger adskillige steder i byen, hvor lysforholdene er en del bedre end i det allerhelligste.<\/p>\n<h3>Morale<\/h3>\n<p>Hvis der er en morale, er det vel, at det er helt rimeligt at tage 7 \u20ac for at vise \u00e9t billede. Der skal jo v\u00e6re til hende der s\u00e6lger billetter, herren der river taloner af, damen som hvisker bag forh\u00e6nget og damen som sv\u00e6ver over vandene.<\/p>\n<p>Og t\u00e6nk s\u00e5 bare p\u00e5 den barokke dannelse, jeg har tilegnet mig ved efterf\u00f8lgende at l\u00e6se om Caravaggio og hans dramatiske lyss\u00e6tning p\u00e5 nettet. Det var aldrig sket, i hvert fald ikke nu, hvis der ikke havde v\u00e6ret en udstilling i Siracusa.<\/p>\n<p><strong>Relateret:<\/strong><\/p>\n<ul>\n<li><a href=\"https:\/\/sitestory.dk\/wordpress\/2019\/04\/20\/feriestart-paa-sicilien\/\">Feriestart p\u00e5 Sicilien<\/a><\/li>\n<li><a href=\"https:\/\/sitestory.dk\/wordpress\/2019\/04\/23\/hverdag-i-siracusa\/\">Hverdag i Siracusa<\/a><\/li>\n<li><a href=\"https:\/\/sitestory.dk\/wordpress\/2019\/05\/01\/til-giardini-naxos-2019\/\">Til Giardini Naxos 2019<\/a><\/li>\n<li><a href=\"https:\/\/sitestory.dk\/wordpress\/2019\/05\/03\/promenaden-og-garibaldis-overfart\/\">Promenaden og Garibaldis overfart<\/a><\/li>\n<li><a href=\"https:\/\/sitestory.dk\/wordpress\/2019\/05\/11\/hjem-fra-sicilien\/\">Hjem fra Sicilien<\/a><\/li>\n<\/ul>\n<p>\/Eric<\/p>\n","protected":false},"excerpt":{"rendered":"<p>Barbarer som os har uforl\u00f8st kulturelt potentiale, og chancen b\u00f8d sig med en udstilling her i Siracusa, en udstilling af maleren Caravaggio. (&#8230;)<\/p>\n","protected":false},"author":10,"featured_media":0,"comment_status":"open","ping_status":"closed","sticky":false,"template":"","format":"standard","meta":{"footnotes":""},"categories":[21],"tags":[3151,3152,3153],"class_list":["post-16470","post","type-post","status-publish","format-standard","hentry","category-rejse","tag-caravaggio","tag-maler","tag-udstilling"],"_links":{"self":[{"href":"https:\/\/sitestory.dk\/wordpress\/wp-json\/wp\/v2\/posts\/16470","targetHints":{"allow":["GET"]}}],"collection":[{"href":"https:\/\/sitestory.dk\/wordpress\/wp-json\/wp\/v2\/posts"}],"about":[{"href":"https:\/\/sitestory.dk\/wordpress\/wp-json\/wp\/v2\/types\/post"}],"author":[{"embeddable":true,"href":"https:\/\/sitestory.dk\/wordpress\/wp-json\/wp\/v2\/users\/10"}],"replies":[{"embeddable":true,"href":"https:\/\/sitestory.dk\/wordpress\/wp-json\/wp\/v2\/comments?post=16470"}],"version-history":[{"count":14,"href":"https:\/\/sitestory.dk\/wordpress\/wp-json\/wp\/v2\/posts\/16470\/revisions"}],"predecessor-version":[{"id":17034,"href":"https:\/\/sitestory.dk\/wordpress\/wp-json\/wp\/v2\/posts\/16470\/revisions\/17034"}],"wp:attachment":[{"href":"https:\/\/sitestory.dk\/wordpress\/wp-json\/wp\/v2\/media?parent=16470"}],"wp:term":[{"taxonomy":"category","embeddable":true,"href":"https:\/\/sitestory.dk\/wordpress\/wp-json\/wp\/v2\/categories?post=16470"},{"taxonomy":"post_tag","embeddable":true,"href":"https:\/\/sitestory.dk\/wordpress\/wp-json\/wp\/v2\/tags?post=16470"}],"curies":[{"name":"wp","href":"https:\/\/api.w.org\/{rel}","templated":true}]}}