{"id":17643,"date":"2021-07-06T11:45:42","date_gmt":"2021-07-06T09:45:42","guid":{"rendered":"https:\/\/sitestory.dk\/wordpress\/?p=17643"},"modified":"2021-07-06T11:45:42","modified_gmt":"2021-07-06T09:45:42","slug":"stille-dage-i-saeby-2021","status":"publish","type":"post","link":"https:\/\/sitestory.dk\/wordpress\/2021\/07\/06\/stille-dage-i-saeby-2021\/","title":{"rendered":"Stille dage i S\u00e6by 2021"},"content":{"rendered":"<p><strong>I sidste uge var vi p\u00e5 miniferie i S\u00e6by. Det var dage med afslapning, m\u00e5ltider af varierende kvalitet og et bes\u00f8g p\u00e5 herreg\u00e5rdsmuseet S\u00e6bygaard.<\/strong><\/p>\n<div style=\"width: 610px\" class=\"wp-caption alignnone\"><a href=\"https:\/\/sitestory.dk\/rejser\/saeby-2021\/fotodoc\/15.htm\" target=\"_blank\" rel=\"noopener\"><img loading=\"lazy\" decoding=\"async\" title=\"S\u00e6bygaard\" src=\"https:\/\/sitestory.dk\/rejser\/saeby-2021\/fotos\/13-saebygaard.jpg\" alt=\"S\u00e6bygaard\" width=\"600\" height=\"400\" \/><\/a><p class=\"wp-caption-text\">S\u00e6bygaard<\/p><\/div>\n<p>Jeg har skrevet nogle sider om turen, mens den er i frisk erindring. De kan l\u00e6ses her: <a href=\"https:\/\/sitestory.dk\/rejser\/saeby-2021\/index.htm\" target=\"_blank\" rel=\"noopener\">Miniferie i S\u00e6by 2021<\/a><\/p>\n<p>Jeg har skrevet om langt de fleste af vores ca. 70 rejser de sidste 20 \u00e5r, og disse \u201ddagb\u00f8ger\u201d er jeg glad for i dag, da minderne ellers ville v\u00e6re en p\u00e6rev\u00e6lling.<\/p>\n<p>Pandemien er og har v\u00e6ret en forbandelse for den rejselystne, og heller ikke i \u00e5r kom vi p\u00e5 for\u00e5rsferie til Sicilien.<\/p>\n<p>Helle har sagt op pr. 1. oktober for at g\u00e5 p\u00e5 efterl\u00f8n, og da planen for den sidste tid af arbejdslivet skulle l\u00e6gges, blev det til ferie i uge 26 og 27, og hvorfor s\u00e5 ikke tage nogle dage til S\u00e6by?<\/p>\n<p><!--more--><\/p>\n<p>Her holdt Helle de fleste af barndommens ferier, s\u00e5 der er mange minder knyttet til byen, og n\u00e5r man ikke har bil, er det pokkers bekvemt, at turen fra Aalborg kun tager tre kvarter med rutebil.<\/p>\n<p>Udover slentreture i byens stokroseidyl blev det ikke til megen aktivitet, men en af dagene lejede vi cykler og k\u00f8rte til Herreg\u00e5rdsmuseet S\u00e6bygaard. Det var en god oplevelse.<\/p>\n<p>En god oplevelse var ogs\u00e5 de to m\u00e5ltider, vi fik p\u00e5 Fr\u00f8ken Madsens Spisehus. Oh, i fantasien kan jeg stadig smage den fantastiske hummersuppe!<\/p>\n<div style=\"width: 610px\" class=\"wp-caption alignnone\"><a href=\"https:\/\/sitestory.dk\/rejser\/saeby-2021\/fotodoc\/29.htm\" target=\"_blank\" rel=\"noopener\"><img loading=\"lazy\" decoding=\"async\" title=\"Bobler p\u00e5 Fr\u00f8ken Madsens Spisehus\" src=\"https:\/\/sitestory.dk\/rejser\/saeby-2021\/fotos\/32-bobler.jpg\" alt=\"Bobler p\u00e5 Fr\u00f8ken Madsens Spisehus\" width=\"600\" height=\"400\" \/><\/a><p class=\"wp-caption-text\">Bobler p\u00e5 Fr\u00f8ken Madsens Spisehus<\/p><\/div>\n<p>Nu, hvor vi har f\u00e5et begge stik mod Covid, regner jeg bestemt med, at vi kan komme til Gr\u00e6kenland i eftersommeren. Jeg skal bare have k\u00f8bt billetterne.<\/p>\n<p>Man skal nyde det, n\u00e5r og mens man kan, for ingen ved, hvilke ondskabsfulde virusvarianter vi har i morgen.<\/p>\n<p>Det er en underlig tid, men jeg tr\u00f8ster mig med, at n\u00e5r ogs\u00e5 Helle bliver arbejdsfri, er tiden helt vores egen. S\u00e5 falder behovet for langtidsplanl\u00e6gning af ferierne, og vi kan meget nemmere improvisere.<\/p>\n<p>Som fx at smutte til S\u00e6by (eller \u2026) nogle dage, n\u00e5r det stikker os.<\/p>\n<p>\/Eric<\/p>\n","protected":false},"excerpt":{"rendered":"<p>I sidste uge var vi p\u00e5 miniferie i S\u00e6by. Det var dage med afslapning, m\u00e5ltider af varierende kvalitet og et bes\u00f8g p\u00e5 herreg\u00e5rdsmuseet S\u00e6bygaard.<\/p>\n","protected":false},"author":10,"featured_media":0,"comment_status":"open","ping_status":"closed","sticky":false,"template":"","format":"standard","meta":{"footnotes":""},"categories":[21],"tags":[513,2980],"class_list":["post-17643","post","type-post","status-publish","format-standard","hentry","category-rejse","tag-ferie","tag-saeby"],"_links":{"self":[{"href":"https:\/\/sitestory.dk\/wordpress\/wp-json\/wp\/v2\/posts\/17643","targetHints":{"allow":["GET"]}}],"collection":[{"href":"https:\/\/sitestory.dk\/wordpress\/wp-json\/wp\/v2\/posts"}],"about":[{"href":"https:\/\/sitestory.dk\/wordpress\/wp-json\/wp\/v2\/types\/post"}],"author":[{"embeddable":true,"href":"https:\/\/sitestory.dk\/wordpress\/wp-json\/wp\/v2\/users\/10"}],"replies":[{"embeddable":true,"href":"https:\/\/sitestory.dk\/wordpress\/wp-json\/wp\/v2\/comments?post=17643"}],"version-history":[{"count":1,"href":"https:\/\/sitestory.dk\/wordpress\/wp-json\/wp\/v2\/posts\/17643\/revisions"}],"predecessor-version":[{"id":17644,"href":"https:\/\/sitestory.dk\/wordpress\/wp-json\/wp\/v2\/posts\/17643\/revisions\/17644"}],"wp:attachment":[{"href":"https:\/\/sitestory.dk\/wordpress\/wp-json\/wp\/v2\/media?parent=17643"}],"wp:term":[{"taxonomy":"category","embeddable":true,"href":"https:\/\/sitestory.dk\/wordpress\/wp-json\/wp\/v2\/categories?post=17643"},{"taxonomy":"post_tag","embeddable":true,"href":"https:\/\/sitestory.dk\/wordpress\/wp-json\/wp\/v2\/tags?post=17643"}],"curies":[{"name":"wp","href":"https:\/\/api.w.org\/{rel}","templated":true}]}}