{"id":18640,"date":"2025-02-19T16:11:28","date_gmt":"2025-02-19T15:11:28","guid":{"rendered":"https:\/\/sitestory.dk\/wordpress\/?p=18640"},"modified":"2025-02-19T16:18:44","modified_gmt":"2025-02-19T15:18:44","slug":"malta-2025","status":"publish","type":"post","link":"https:\/\/sitestory.dk\/wordpress\/2025\/02\/19\/malta-2025\/","title":{"rendered":"Malta 2025"},"content":{"rendered":"<p><strong>Vi er p\u00e5 Malta, og vejret er str\u00e5lende med sol og svag vind. Fuglene kvidrer, og livet er bare herligt!<\/strong><\/p>\n<div id=\"attachment_18641\" style=\"width: 610px\" class=\"wp-caption alignnone\"><img loading=\"lazy\" decoding=\"async\" aria-describedby=\"caption-attachment-18641\" class=\"size-full wp-image-18641\" src=\"https:\/\/sitestory.dk\/wordpress\/wp-content\/uploads\/2025\/02\/gaardhave.jpg\" alt=\"G\u00e5rdhaven\" width=\"600\" height=\"400\" srcset=\"https:\/\/sitestory.dk\/wordpress\/wp-content\/uploads\/2025\/02\/gaardhave.jpg 600w, https:\/\/sitestory.dk\/wordpress\/wp-content\/uploads\/2025\/02\/gaardhave-300x200.jpg 300w\" sizes=\"auto, (max-width: 600px) 100vw, 600px\" \/><p id=\"caption-attachment-18641\" class=\"wp-caption-text\">Vores g\u00e5rdhave p\u00e5 Malta<\/p><\/div>\n<h3>Optakt<\/h3>\n<p>Fredag den 14. februar tog vi toget til K\u00f8benhavn, hvor vi skulle overnatte inden afgangen til Malta.<\/p>\n<h4>Restaurant Amalfi<\/h4>\n<p>Under de omst\u00e6ndigheder plejer vi at spise p\u00e5 Le Pav\u00e9 p\u00e5 Gr\u00e5br\u00f8dretorv, men da jeg i (normalt) god tid ville reservere bord, var alt optaget.<\/p>\n<p>Det undrede mig s\u00e5re, indtil det d\u00e6mrede, at amerikansk konsumkultur i romantisk forkl\u00e6dning har indtaget Danmark med Valentine\u2019s Day den 14. februar.<\/p>\n<p>I stedet reserverede jeg bord p\u00e5 den italienske restaurant Amalfi, som ogs\u00e5 ligger p\u00e5 Gr\u00e5br\u00f8dretorv i spadsereafstand fra N\u00f8rreport.<\/p>\n<p>Det var en lala-oplevelse. For mange for sm\u00e5 borde p\u00e5 for lidt plads. Madoplevelsen var blandet. Det bedste var ostene, vi fik til dessert. Sikkert fordi de ikke var tilberedte, sagde Helle med snert.<\/p>\n<p>Vi vender ikke tilbage.<\/p>\n<h4>Rejsen<\/h4>\n<p><!--more--><\/p>\n<p>Op klokken klam l\u00f8rdag for at v\u00e6re i god til til afgangen 07:20. Vel ankommet til Malta blev bagagen hurtigt udleveret, og vi var i Mellieha Holiday Center ved middagstid.<\/p>\n<p>Her m\u00e5tte vi vente p\u00e5 n\u00f8glen til 13:40, men vejret var rimeligt, s\u00e5 vi tilbragte det meste af ventetiden p\u00e5 terrassen uden for Hansen Gastro Bar.<\/p>\n<div id=\"attachment_18643\" style=\"width: 610px\" class=\"wp-caption alignnone\"><img loading=\"lazy\" decoding=\"async\" aria-describedby=\"caption-attachment-18643\" class=\"size-full wp-image-18643\" src=\"https:\/\/sitestory.dk\/wordpress\/wp-content\/uploads\/2025\/02\/kat-blomsterkumme.jpg\" alt=\"Kat uden for baren\" width=\"600\" height=\"400\" srcset=\"https:\/\/sitestory.dk\/wordpress\/wp-content\/uploads\/2025\/02\/kat-blomsterkumme.jpg 600w, https:\/\/sitestory.dk\/wordpress\/wp-content\/uploads\/2025\/02\/kat-blomsterkumme-300x200.jpg 300w\" sizes=\"auto, (max-width: 600px) 100vw, 600px\" \/><p id=\"caption-attachment-18643\" class=\"wp-caption-text\">Kat uden for baren<\/p><\/div>\n<h3>Bungalowen<\/h3>\n<p>Feriehuset er rigelig stort til to personer og er udstyret efter dansk standard. Intim g\u00e5rdhave og tagterrasse med udsigt. Det passer os fint.<\/p>\n<div id=\"attachment_18644\" style=\"width: 610px\" class=\"wp-caption alignnone\"><img loading=\"lazy\" decoding=\"async\" aria-describedby=\"caption-attachment-18644\" class=\"size-full wp-image-18644\" src=\"https:\/\/sitestory.dk\/wordpress\/wp-content\/uploads\/2025\/02\/udsigt-tagterrasse.jpg\" alt=\"Udsigt fra tagterrassen\" width=\"600\" height=\"400\" srcset=\"https:\/\/sitestory.dk\/wordpress\/wp-content\/uploads\/2025\/02\/udsigt-tagterrasse.jpg 600w, https:\/\/sitestory.dk\/wordpress\/wp-content\/uploads\/2025\/02\/udsigt-tagterrasse-300x200.jpg 300w\" sizes=\"auto, (max-width: 600px) 100vw, 600px\" \/><p id=\"caption-attachment-18644\" class=\"wp-caption-text\">Udsigt fra tagterrassen<\/p><\/div>\n<h4>Planer<\/h4>\n<p>Planer har vi ikke, alts\u00e5 udover at nyde solen, n\u00e5r den er fremme, samt spise\u00a0 p\u00e5 centerets udm\u00e6rkede restaurant de fleste aftner.<\/p>\n<p>I 2005 og 2006 boede vi i Sliema, en naboby til hovedstaden Valletta. Dengang s\u00e5 vi det meste af \u00f8en (se rejsebeskrivelserne fra <a href=\"https:\/\/sitestory.dk\/rejser\/malta2005\/index.htm\" target=\"_blank\" rel=\"noopener\">2005<\/a> og <a href=\"https:\/\/sitestory.dk\/rejser\/malta2006\/index.htm\" target=\"_blank\" rel=\"noopener\">2006<\/a>).<\/p>\n<p>I dag har vi andre (afslappende) \u00f8nsker end lange spadsereture, ikke mindst pga. Helles slidgigt. Vejret bliver nok blandet, men her er typisk 14-17\u00b0 og en del varmere i solen. G\u00e5rdhaven bliver brugt.<\/p>\n<h3>K\u00f8b af lejlighed og salg af hus<\/h3>\n<p>Og s\u00e5 har vi i dag indg\u00e5et aftale om k\u00f8b af en lejlighed til overtagelse 1. juni. Kontrakten skal blot skrives under, men det (siger man) kan vi g\u00f8re her fra Malta med NemID.<\/p>\n<p>N\u00e5r vi s\u00e5 kommer hjem, kan vi s\u00e6tte hytten til salg.<\/p>\n<p>Det kan blive en hektisk tid, og det bliver sp\u00e6ndende at se, hvor lang tid det tager at s\u00e6lge huset, som har v\u00e6ret vores hjem i 34 \u00e5r.<\/p>\n<p>Det er ikke uden vemod, vi har v\u00e6ret glade for at bo der, men det er rettidig omhu at frav\u00e6lge trapper og have &#8211; mens vi kan.<\/p>\n<p>&nbsp;<\/p>\n","protected":false},"excerpt":{"rendered":"<p>Vi er p\u00e5 Malta, og vejret er str\u00e5lende med sol og svag vind. Fuglene kvidrer, og livet er bare herligt!<\/p>\n","protected":false},"author":10,"featured_media":0,"comment_status":"open","ping_status":"closed","sticky":false,"template":"","format":"standard","meta":{"footnotes":""},"categories":[21],"tags":[3373,3417],"class_list":["post-18640","post","type-post","status-publish","format-standard","hentry","category-rejse","tag-malta","tag-mellieha-holiday-centre"],"_links":{"self":[{"href":"https:\/\/sitestory.dk\/wordpress\/wp-json\/wp\/v2\/posts\/18640","targetHints":{"allow":["GET"]}}],"collection":[{"href":"https:\/\/sitestory.dk\/wordpress\/wp-json\/wp\/v2\/posts"}],"about":[{"href":"https:\/\/sitestory.dk\/wordpress\/wp-json\/wp\/v2\/types\/post"}],"author":[{"embeddable":true,"href":"https:\/\/sitestory.dk\/wordpress\/wp-json\/wp\/v2\/users\/10"}],"replies":[{"embeddable":true,"href":"https:\/\/sitestory.dk\/wordpress\/wp-json\/wp\/v2\/comments?post=18640"}],"version-history":[{"count":5,"href":"https:\/\/sitestory.dk\/wordpress\/wp-json\/wp\/v2\/posts\/18640\/revisions"}],"predecessor-version":[{"id":18648,"href":"https:\/\/sitestory.dk\/wordpress\/wp-json\/wp\/v2\/posts\/18640\/revisions\/18648"}],"wp:attachment":[{"href":"https:\/\/sitestory.dk\/wordpress\/wp-json\/wp\/v2\/media?parent=18640"}],"wp:term":[{"taxonomy":"category","embeddable":true,"href":"https:\/\/sitestory.dk\/wordpress\/wp-json\/wp\/v2\/categories?post=18640"},{"taxonomy":"post_tag","embeddable":true,"href":"https:\/\/sitestory.dk\/wordpress\/wp-json\/wp\/v2\/tags?post=18640"}],"curies":[{"name":"wp","href":"https:\/\/api.w.org\/{rel}","templated":true}]}}