{"id":3868,"date":"2010-07-26T07:30:01","date_gmt":"2010-07-26T05:30:01","guid":{"rendered":"http:\/\/\/\/sitestory.dk\/wordpress\/?p=3868"},"modified":"2014-12-30T14:41:57","modified_gmt":"2014-12-30T13:41:57","slug":"regeringens-problem-med-at-forklare","status":"publish","type":"post","link":"https:\/\/sitestory.dk\/wordpress\/2010\/07\/26\/regeringens-problem-med-at-forklare\/","title":{"rendered":"Regeringens problem med at forklare"},"content":{"rendered":"<p><strong>Har du bem\u00e6rket, hvor ofte regeringen siger, at den skal v\u00e6re bedre til at forklare? Som om folks utilfredshed var et p\u00e6dagogisk problem.<\/strong><\/p>\n<p><img loading=\"lazy\" decoding=\"async\" class=\"alignleft size-full wp-image-3873\" title=\"forklaring\" src=\"http:\/\/\/\/sitestory.dk\/wordpress\/wp-content\/uploads\/2010\/07\/forklaring.gif\" alt=\"\" width=\"160\" height=\"200\" \/>Og det er ikke kun regeringen. Fagforeninger, banker m.fl. siger det samme, n\u00e5r de har en d\u00e5rlig sag.<\/p>\n<p>I fjor indr\u00f8mmede bankerne, at de havde v\u00e6ret arrogante. De skulle v\u00e6re \u201dbedre til at forklare\u201d, at vi skal betale h\u00f8jere gebyrer m.m., for at de kan tjene flere penge.<\/p>\n<p>Bedre til at <strong>forklare<\/strong>?<\/p>\n<p>En meningsm\u00e5ling viser nu, at et flertal vil have de danske tropper hjem fra Afghanistan. <a title=\"Artikel i Politiken\" rel=\"nofollow\" href=\"http:\/\/politiken.dk\/indland\/article1023029.ece\" target=\"_blank\">Venstres udenrigsordf\u00f8rer udtaler<\/a>:\u00a0<em>&#8220;Vi skal v\u00e6re bedre til at forklare, hvorfor vi er der\u2026\u201d<\/em><\/p>\n<p><strong>Bedre<\/strong> til at forklare?<\/p>\n<p>I starten af juli skrev aviserne, at <a title=\"Politiken: L\u00f8kke indr\u00f8mmer klar fejl\" rel=\"nofollow\" href=\"http:\/\/politiken.dk\/politik\/article1010352.ece\" target=\"_blank\">L\u00f8kke indr\u00f8mmede fejl<\/a> i sagen om det nye supersygehus ved Herning.\u00a0L\u00f8kke indr\u00f8mmede ikke noget som helst. Han sagde, at \u00e5rsagen til venstremedlemmernes masseflugt i Vestjylland var, at regeringen ikke havde v\u00e6ret dygtig nok til at forklare sig.<\/p>\n<p>Dygtig nok til at forklare <strong>hvad<\/strong>?<\/p>\n<p>Selvf\u00f8lgelig kan der v\u00e6re forklaringsbehov i komplicerede sager, men n\u00e5r folk er utilfredse, ved de som regel godt, hvad det drejer sig om. Det er ikke et p\u00e6dagogisk problem:<\/p>\n<ul>\n<li>At folk er vrede over bankernes gr\u00e5dighed.<\/li>\n<li>At folk er tr\u00e6tte af, at Danmark p\u00e5 8. \u00e5r\u00a0f\u00f8rer krig mod et stammefolk.<\/li>\n<li>At folk er vrede over at f\u00e5 langt til sygehuset.<\/li>\n<\/ul>\n<p>S\u00e5 n\u00e5r regeringen og andre siger, at de skal v\u00e6re \u201dbedre til at forklare\u201d, vidner det om en arrogant nedvurdering af folks intelligens, viden og holdninger. Vestjyderne er ikke sinker, s\u00e5 man kan ikke <strong>forklare<\/strong> dem og F\u00e6lleslisten, at lang vej til hospitalet er til deres eget bedste.<\/p>\n<p>N\u00e5r man h\u00f8rer vendingen \u201dvi skal v\u00e6re bedre til at forklare\u201d, kan man v\u00e6re ret sikker p\u00e5, at afsenderen har en d\u00e5rlig sag, og at han ved det. Han beklager sig bare over, at han ikke har kunnet bilde dig noget andet ind.<\/p>\n","protected":false},"excerpt":{"rendered":"<p>Har du bem\u00e6rket, hvor ofte regeringen siger, at den skal v\u00e6re bedre til at forklare? Som om folks utilfredshed var et p\u00e6dagogisk problem. Og det er ikke kun regeringen. Fagforeninger, banker m.fl. siger det samme, n\u00e5r de har en d\u00e5rlig sag. I fjor indr\u00f8mmede bankerne, at de havde v\u00e6ret arrogante. De skulle v\u00e6re \u201dbedre til [&hellip;]<\/p>\n","protected":false},"author":10,"featured_media":0,"comment_status":"open","ping_status":"open","sticky":false,"template":"","format":"standard","meta":{"footnotes":""},"categories":[20],"tags":[125,160,584,663,1633,2176],"class_list":["post-3868","post","type-post","status-publish","format-standard","hentry","category-politik","tag-arrogance","tag-bankerne","tag-forklare","tag-flleslisten","tag-regeringen","tag-utilfredshed"],"_links":{"self":[{"href":"https:\/\/sitestory.dk\/wordpress\/wp-json\/wp\/v2\/posts\/3868","targetHints":{"allow":["GET"]}}],"collection":[{"href":"https:\/\/sitestory.dk\/wordpress\/wp-json\/wp\/v2\/posts"}],"about":[{"href":"https:\/\/sitestory.dk\/wordpress\/wp-json\/wp\/v2\/types\/post"}],"author":[{"embeddable":true,"href":"https:\/\/sitestory.dk\/wordpress\/wp-json\/wp\/v2\/users\/10"}],"replies":[{"embeddable":true,"href":"https:\/\/sitestory.dk\/wordpress\/wp-json\/wp\/v2\/comments?post=3868"}],"version-history":[{"count":0,"href":"https:\/\/sitestory.dk\/wordpress\/wp-json\/wp\/v2\/posts\/3868\/revisions"}],"wp:attachment":[{"href":"https:\/\/sitestory.dk\/wordpress\/wp-json\/wp\/v2\/media?parent=3868"}],"wp:term":[{"taxonomy":"category","embeddable":true,"href":"https:\/\/sitestory.dk\/wordpress\/wp-json\/wp\/v2\/categories?post=3868"},{"taxonomy":"post_tag","embeddable":true,"href":"https:\/\/sitestory.dk\/wordpress\/wp-json\/wp\/v2\/tags?post=3868"}],"curies":[{"name":"wp","href":"https:\/\/api.w.org\/{rel}","templated":true}]}}