{"id":7351,"date":"2011-08-30T17:41:49","date_gmt":"2011-08-30T15:41:49","guid":{"rendered":"http:\/\/\/\/sitestory.dk\/wordpress\/?p=7351"},"modified":"2014-12-31T09:29:15","modified_gmt":"2014-12-31T08:29:15","slug":"prikkerunde-og-fokus","status":"publish","type":"post","link":"https:\/\/sitestory.dk\/wordpress\/2011\/08\/30\/prikkerunde-og-fokus\/","title":{"rendered":"Prikkerunde og fokus"},"content":{"rendered":"<p><strong>S\u00e5 skete det igen. Organisations\u00e6ndring. Prikkerunde. Kabalen lagt p\u00e5 en ny m\u00e5de med kort i overskud. Der er lagt en del kabaler gennem \u00e5rene.<\/strong><\/p>\n<p>Cheferne informerer: konkurrencehensyn, tilpasningsevne, omkostninger og fokus. Det er sikkert rigtigt \u2013 det er jo det, de er ansat til at holde \u00f8je med.<\/p>\n<p>Det er bare s\u00e5 pokkers abstrakt i forhold til fyresedlerne. Der r\u00f8g ikke s\u00e5 mange denne gang, men lige deprimerende er det. Man f\u00f8ler den der d\u00e5rlige samvittighed over, at man selv gik fri. F\u00f8lelsen er aldeles irrationel, men den er der alligevel. Hver gang.<\/p>\n<p>Mens cheferne informerer, sidder jeg stille og irriteres over den gentagne brug af ordet \u201dfokus\u201d. Alle har f\u00e5et flere og flere opgaver, og fokus p\u00e5 alt er per definition meningsl\u00f8st.<\/p>\n<p>Fokus er at rette <strong>s\u00e6rlig<\/strong> opm\u00e6rksomhed mod noget, og man kan i sagens natur ikke rette <strong>s\u00e6rlig<\/strong> opm\u00e6rksomhed mod alt. S\u00e5 er opm\u00e6rksomheden ikke l\u00e6ngere s\u00e6rlig.<\/p>\n<p>Det er m\u00e5ske \u201dbare\u201d ord, men pr\u00e6cis kommunikation kr\u00e6ver pr\u00e6cise ord. Ellers ryger fokus, og n\u00e6ste gang udl\u00f8ser ordet blot skuldertr\u00e6k.<\/p>\n<p>Det var en rigtig tr\u00e6ls dag. Farvel til kollegaerne. Og tak.<\/p>\n<p>&nbsp;<\/p>\n","protected":false},"excerpt":{"rendered":"<p>S\u00e5 skete det igen. Organisations\u00e6ndring. Prikkerunde. Kabalen lagt p\u00e5 en ny m\u00e5de med kort i overskud. Der er lagt mange kabaler gennem \u00e5rene. Cheferne informerer: konkurrencehensyn, tilpasningsevne, omkostninger og fokus. Det er sikkert rigtigt \u2013 det er jo det, de er ansat til at holde \u00f8je med.<br \/>\nDet er bare s\u00e5 pokkers abstrakt i forhold til fyresedlerne. (&#8230;)<\/p>\n","protected":false},"author":10,"featured_media":0,"comment_status":"open","ping_status":"open","sticky":false,"template":"","format":"standard","meta":{"footnotes":""},"categories":[3],"tags":[560,655,1474],"class_list":["post-7351","post","type-post","status-publish","format-standard","hentry","category-alvor","tag-fokus","tag-fyringer","tag-organisationsaendring"],"_links":{"self":[{"href":"https:\/\/sitestory.dk\/wordpress\/wp-json\/wp\/v2\/posts\/7351","targetHints":{"allow":["GET"]}}],"collection":[{"href":"https:\/\/sitestory.dk\/wordpress\/wp-json\/wp\/v2\/posts"}],"about":[{"href":"https:\/\/sitestory.dk\/wordpress\/wp-json\/wp\/v2\/types\/post"}],"author":[{"embeddable":true,"href":"https:\/\/sitestory.dk\/wordpress\/wp-json\/wp\/v2\/users\/10"}],"replies":[{"embeddable":true,"href":"https:\/\/sitestory.dk\/wordpress\/wp-json\/wp\/v2\/comments?post=7351"}],"version-history":[{"count":0,"href":"https:\/\/sitestory.dk\/wordpress\/wp-json\/wp\/v2\/posts\/7351\/revisions"}],"wp:attachment":[{"href":"https:\/\/sitestory.dk\/wordpress\/wp-json\/wp\/v2\/media?parent=7351"}],"wp:term":[{"taxonomy":"category","embeddable":true,"href":"https:\/\/sitestory.dk\/wordpress\/wp-json\/wp\/v2\/categories?post=7351"},{"taxonomy":"post_tag","embeddable":true,"href":"https:\/\/sitestory.dk\/wordpress\/wp-json\/wp\/v2\/tags?post=7351"}],"curies":[{"name":"wp","href":"https:\/\/api.w.org\/{rel}","templated":true}]}}