{"id":7419,"date":"2011-09-05T16:34:11","date_gmt":"2011-09-05T14:34:11","guid":{"rendered":"http:\/\/\/\/sitestory.dk\/wordpress\/?p=7419"},"modified":"2014-12-31T09:34:28","modified_gmt":"2014-12-31T08:34:28","slug":"jeg-maa-se-at-blive-toer-bag-oererne","status":"publish","type":"post","link":"https:\/\/sitestory.dk\/wordpress\/2011\/09\/05\/jeg-maa-se-at-blive-toer-bag-oererne\/","title":{"rendered":"Jeg m\u00e5 se at blive t\u00f8r bag \u00f8rerne"},"content":{"rendered":"<p><strong>Jeg s\u00e5 skystriben n\u00e6rme sig. \u2019Kraftig regn\u2019 sagde DMI\u2019s farvekode. Jeg vurderede, at hvis jeg tog af sted NU, kunne jeg lige n\u00e5 det.<\/strong><\/p>\n<p>Som sagt, s\u00e5 gjort. Jeg pakkede i al hast, skiftede fra firmacykel til Centurion og tr\u00e5dte s\u00e5 det h\u00f8je gear i cykelstiens overhalingsbane.<\/p>\n<p>Indtil jeg blev stoppet af en mand, der havde parkeret bilen med h\u00f8jre hjuls\u00e6t p\u00e5 kantstenen. Det var en tidligere kollega, og der blev givet h\u00e5nd, og snakket hvordan g\u00e5r det, og jo tak det g\u00e5r fint, og han havde f\u00e5et nyt arbejde og alle tiders og super.<\/p>\n<p>Jeg gl\u00e6dede mig p\u00e5 hans vegne, mens jeg skelede bekymret mod den blygr\u00e5 himmelfront, som kom n\u00e6rmere og n\u00e6rmere, og efter ca. fem minutter afbr\u00f8d jeg uh\u00f8fligt og sagde, at nu M\u00c5TTE jeg af sted, hvis jeg skulle n\u00e5 det.<\/p>\n<p>Fem minutter f\u00f8r jeg n\u00e5ede hjem, begyndte det at regne, og jeg blev v\u00e5d. Temmelig v\u00e5d faktisk, for i tillid til min timing havde jeg jo ikke taget regnt\u00f8jet p\u00e5.<\/p>\n<p>Det var dumt. Jeg m\u00e5 se at blive t\u00f8r bag \u00f8rerne.<\/p>\n<p>&nbsp;<\/p>\n","protected":false},"excerpt":{"rendered":"<p>Jeg s\u00e5 skystriben n\u00e6rme sig. \u2019Kraftig regn\u2019 sagde DMI\u2019s farvekode. Jeg vurderede, at hvis jeg tog af sted NU, kunne jeg lige n\u00e5 det.<br \/>\nSom sagt, s\u00e5 gjort. Jeg pakkede i al hast, skiftede fra firmacykel til Centurion og tr\u00e5dte s\u00e5 det h\u00f8je gear i cykelstiens overhalingsbane. (&#8230;)<\/p>\n","protected":false},"author":10,"featured_media":0,"comment_status":"open","ping_status":"open","sticky":false,"template":"","format":"standard","meta":{"footnotes":""},"categories":[29],"tags":[1637,2048,2263],"class_list":["post-7419","post","type-post","status-publish","format-standard","hentry","category-smasnak","tag-regn","tag-timing","tag-vad"],"_links":{"self":[{"href":"https:\/\/sitestory.dk\/wordpress\/wp-json\/wp\/v2\/posts\/7419","targetHints":{"allow":["GET"]}}],"collection":[{"href":"https:\/\/sitestory.dk\/wordpress\/wp-json\/wp\/v2\/posts"}],"about":[{"href":"https:\/\/sitestory.dk\/wordpress\/wp-json\/wp\/v2\/types\/post"}],"author":[{"embeddable":true,"href":"https:\/\/sitestory.dk\/wordpress\/wp-json\/wp\/v2\/users\/10"}],"replies":[{"embeddable":true,"href":"https:\/\/sitestory.dk\/wordpress\/wp-json\/wp\/v2\/comments?post=7419"}],"version-history":[{"count":0,"href":"https:\/\/sitestory.dk\/wordpress\/wp-json\/wp\/v2\/posts\/7419\/revisions"}],"wp:attachment":[{"href":"https:\/\/sitestory.dk\/wordpress\/wp-json\/wp\/v2\/media?parent=7419"}],"wp:term":[{"taxonomy":"category","embeddable":true,"href":"https:\/\/sitestory.dk\/wordpress\/wp-json\/wp\/v2\/categories?post=7419"},{"taxonomy":"post_tag","embeddable":true,"href":"https:\/\/sitestory.dk\/wordpress\/wp-json\/wp\/v2\/tags?post=7419"}],"curies":[{"name":"wp","href":"https:\/\/api.w.org\/{rel}","templated":true}]}}