{"id":9320,"date":"2012-09-16T10:03:17","date_gmt":"2012-09-16T08:03:17","guid":{"rendered":"http:\/\/\/\/sitestory.dk\/wordpress\/?p=9320"},"modified":"2015-01-01T12:01:11","modified_gmt":"2015-01-01T11:01:11","slug":"galskab-pa-telendos","status":"publish","type":"post","link":"https:\/\/sitestory.dk\/wordpress\/2012\/09\/16\/galskab-pa-telendos\/","title":{"rendered":"Galskab p\u00e5 Telendos"},"content":{"rendered":"<p><strong>Den lille gr\u00e6ske \u00f8 Telendos er normalt indbegrebet af fred og ro, men om morgenen er den et galehus.<\/strong><\/p>\n<p>N\u00e6tterne er varme p\u00e5 disse kanter, men nogle timer f\u00f8r solopgang indfinder sig en velsignet k\u00f8lighed. Huden bliver omsider t\u00f8r, og den eneste lyd er myggenes h\u00f8jfrekvente blodt\u00f8rst. P\u00e5 det tidspunkt sover man allerbedst.<\/p>\n<p>Og netop p\u00e5 det tidspunkt galer \u00f8ens f\u00f8rste haner. De andre lidt sl\u00f8vere haner f\u00f8lger trop, og de pr\u00f8ver alle at overg\u00e5 hinanden. Kollektiv galskab.<\/p>\n<p>Hundene m\u00e5 nu protestere mod denne kr\u00e6nkelse af nattes\u00f8vnens territorium, og \u00f8ens \u00e6sel, Odysseus, giver sit skrydende besyv med. Selv krager og sm\u00e5fugle blander sig i koret.<\/p>\n<p>Fiskene blander sig ikke, og det er der flere gode grunde til.<\/p>\n<p><a href=\"http:\/\/\/\/sitestory.dk\/wordpress\/wp-content\/uploads\/2012\/09\/fiskehoved.jpg\"><img loading=\"lazy\" decoding=\"async\" class=\"alignnone  wp-image-9321\" style=\"border: 1px solid black;\" title=\"Grillet havaborre (resterne)\" src=\"http:\/\/\/\/sitestory.dk\/wordpress\/wp-content\/uploads\/2012\/09\/fiskehoved.jpg\" alt=\"Grillet havaborre (resterne)\" width=\"600\" height=\"400\" srcset=\"https:\/\/sitestory.dk\/wordpress\/wp-content\/uploads\/2012\/09\/fiskehoved.jpg 600w, https:\/\/sitestory.dk\/wordpress\/wp-content\/uploads\/2012\/09\/fiskehoved-300x200.jpg 300w\" sizes=\"auto, (max-width: 600px) 100vw, 600px\" \/><\/a><\/p>\n<p>Ti minutter over syv ringer kirkeklokkerne, og som om vi ikke <strong>havde<\/strong> h\u00f8rt det, ringer de igen lidt senere. Fiskerb\u00e5de dunker driftigt ude p\u00e5 vandet, og hvis man ikke allerede har resigneret, er det tid at st\u00e5 op.<\/p>\n<p><!--more--><\/p>\n<p>Himlen over Kalymnos&#8217; bjerge r\u00f8dmer, og 7:30 stiger solen op over tinderne. Endelig falder der ro over Telendos. Hanerne har f\u00e5et deres vilje, og man kan gl\u00e6de sig til middagsluren.<\/p>\n<p>Her bor vi: \u00f8verst med de r\u00f8dbrune skodder og bal-balkonen:<\/p>\n<p><a href=\"http:\/\/\/\/sitestory.dk\/wordpress\/wp-content\/uploads\/2012\/09\/lejligheden.jpg\"><img loading=\"lazy\" decoding=\"async\" class=\"alignnone  wp-image-9322\" style=\"border: 1px solid black;\" title=\"Lejligheden\" src=\"http:\/\/\/\/sitestory.dk\/wordpress\/wp-content\/uploads\/2012\/09\/lejligheden.jpg\" alt=\"Lejligheden\" width=\"600\" height=\"400\" srcset=\"https:\/\/sitestory.dk\/wordpress\/wp-content\/uploads\/2012\/09\/lejligheden.jpg 600w, https:\/\/sitestory.dk\/wordpress\/wp-content\/uploads\/2012\/09\/lejligheden-300x200.jpg 300w\" sizes=\"auto, (max-width: 600px) 100vw, 600px\" \/><\/a><\/p>\n<p>Og s\u00e5dan ser Kalymnos ud fra bal-balkonen, n\u00e5r aftensolen f\u00e5r de golde klipper til at gl\u00f8de:<\/p>\n<p><a href=\"http:\/\/\/\/sitestory.dk\/wordpress\/wp-content\/uploads\/2012\/09\/kalymnos-aftensol.jpg\"><img loading=\"lazy\" decoding=\"async\" class=\"alignnone  wp-image-9323\" style=\"border: 1px solid black;\" title=\"kalymnos-aftensol\" src=\"http:\/\/\/\/sitestory.dk\/wordpress\/wp-content\/uploads\/2012\/09\/kalymnos-aftensol.jpg\" alt=\"\" width=\"600\" height=\"400\" srcset=\"https:\/\/sitestory.dk\/wordpress\/wp-content\/uploads\/2012\/09\/kalymnos-aftensol.jpg 600w, https:\/\/sitestory.dk\/wordpress\/wp-content\/uploads\/2012\/09\/kalymnos-aftensol-300x200.jpg 300w\" sizes=\"auto, (max-width: 600px) 100vw, 600px\" \/><\/a><\/p>\n<p>Det er lige til at klare. \ud83d\ude42<\/p>\n<p><strong>Relateret:<\/strong><\/p>\n<ul>\n<li><a title=\"Penthouse med havudsigt p\u00e5 Kos\" href=\"http:\/\/\/\/sitestory.dk\/wordpress\/2012\/09\/12\/penthouse-med-havudsigt-pa-kos\/\">Penthouse med havudsigt p\u00e5 Kos<\/a><\/li>\n<li><a title=\"Penthouse med havudsigt p\u00e5 Kos\" href=\"http:\/\/\/\/sitestory.dk\/wordpress\/2012\/09\/12\/penthouse-med-havudsigt-pa-kos\/\">Feriestart i Mastichari p\u00e5 Kos<\/a><\/li>\n<li><a title=\"Fra Kos til Telendos\" href=\"http:\/\/\/\/sitestory.dk\/wordpress\/2012\/09\/15\/fra-kos-til-telendos\/\">Fra Kos til Telendos<\/a><\/li>\n<li><a title=\"Blandet nyt fra det gr\u00e6ske \u00f8hav\" href=\"http:\/\/\/\/sitestory.dk\/wordpress\/2012\/09\/17\/blandet-nyt-fra-det-graeske-oehav\/\">Blandet nyt fra det gr\u00e6ske \u00f8hav<\/a><\/li>\n<li><a title=\"Sol og str\u00f8msvigt p\u00e5 Telendos\" href=\"http:\/\/\/\/sitestory.dk\/wordpress\/2012\/09\/19\/sol-og-stromsvigt-paa-telendos\/\">Sol og str\u00f8msvigt p\u00e5 Telendos<\/a><\/li>\n<li><a title=\"Den gr\u00e6ske morlil og en uventet gave\" href=\"http:\/\/\/\/sitestory.dk\/wordpress\/2012\/09\/20\/den-graeske-morlil-og-en-uventet-gave\/\">Den gr\u00e6ske morlil og en uventet gave<\/a><\/li>\n<li><a title=\"Typer p\u00e5 Telendos\" href=\"http:\/\/\/\/sitestory.dk\/wordpress\/2012\/09\/21\/typer-pa-telendos\/\">Typer p\u00e5 Telendos<\/a><\/li>\n<li><a title=\"Tidens gang p\u00e5 Telendos\" href=\"http:\/\/\/\/sitestory.dk\/wordpress\/2012\/09\/22\/tidens-gang-pa-telendos\/\">Tidens gang p\u00e5 Telendos<\/a><\/li>\n<li><a title=\"Afsked med Gr\u00e6kenland\" href=\"http:\/\/\/\/sitestory.dk\/wordpress\/2012\/09\/23\/afsked-med-graekenland\/\">Afsked med Gr\u00e6kenland<\/a><\/li>\n<li><a title=\"Telendos p\u00e5 video\" href=\"http:\/\/\/\/sitestory.dk\/wordpress\/2012\/09\/29\/telendos-paa-video\/\">Telendos p\u00e5 video<\/a><\/li>\n<li><a title=\"Rejsebeskrivelse 2011\" href=\"http:\/\/www.sitestory.dk\/rejser\/telendos-2011\/index.htm\">Telendos 2011<\/a><\/li>\n<li><a title=\"Rejsebeskrivelse 2010\" href=\"http:\/\/www.sitestory.dk\/rejser\/telendos-2010\/index.htm\">Telendos 2010<\/a><\/li>\n<li><a title=\"Rejsebeskrivelse 2009\" href=\"http:\/\/www.sitestory.dk\/rejser\/telendos2009\/index.htm\">Telendos 2009<\/a><\/li>\n<\/ul>\n","protected":false},"excerpt":{"rendered":"<p>Den lille gr\u00e6ske \u00f8 Telendos er normalt indbegrebet af fred og ro, men om morgenen er den et galehus. N\u00e6tterne er varme p\u00e5 disse kanter, men nogle timer f\u00f8r solopgang indfinder sig en velsignet k\u00f8lighed. Huden bliver omsider t\u00f8r, og den eneste lyd er myggenes h\u00f8jfrekvente blodt\u00f8rst. P\u00e5 det tidspunkt sover man allerbedst. (&#8230;)<\/p>\n","protected":false},"author":10,"featured_media":0,"comment_status":"open","ping_status":"open","sticky":false,"template":"","format":"standard","meta":{"footnotes":""},"categories":[21],"tags":[2370,2368,2369,2015],"class_list":["post-9320","post","type-post","status-publish","format-standard","hentry","category-rejse","tag-galehus","tag-hanegal","tag-nattesovn","tag-telendos"],"_links":{"self":[{"href":"https:\/\/sitestory.dk\/wordpress\/wp-json\/wp\/v2\/posts\/9320","targetHints":{"allow":["GET"]}}],"collection":[{"href":"https:\/\/sitestory.dk\/wordpress\/wp-json\/wp\/v2\/posts"}],"about":[{"href":"https:\/\/sitestory.dk\/wordpress\/wp-json\/wp\/v2\/types\/post"}],"author":[{"embeddable":true,"href":"https:\/\/sitestory.dk\/wordpress\/wp-json\/wp\/v2\/users\/10"}],"replies":[{"embeddable":true,"href":"https:\/\/sitestory.dk\/wordpress\/wp-json\/wp\/v2\/comments?post=9320"}],"version-history":[{"count":0,"href":"https:\/\/sitestory.dk\/wordpress\/wp-json\/wp\/v2\/posts\/9320\/revisions"}],"wp:attachment":[{"href":"https:\/\/sitestory.dk\/wordpress\/wp-json\/wp\/v2\/media?parent=9320"}],"wp:term":[{"taxonomy":"category","embeddable":true,"href":"https:\/\/sitestory.dk\/wordpress\/wp-json\/wp\/v2\/categories?post=9320"},{"taxonomy":"post_tag","embeddable":true,"href":"https:\/\/sitestory.dk\/wordpress\/wp-json\/wp\/v2\/tags?post=9320"}],"curies":[{"name":"wp","href":"https:\/\/api.w.org\/{rel}","templated":true}]}}