{"id":9334,"date":"2012-09-19T09:56:43","date_gmt":"2012-09-19T07:56:43","guid":{"rendered":"http:\/\/\/\/sitestory.dk\/wordpress\/?p=9334"},"modified":"2015-01-01T12:05:35","modified_gmt":"2015-01-01T11:05:35","slug":"sol-og-stromsvigt-paa-telendos","status":"publish","type":"post","link":"https:\/\/sitestory.dk\/wordpress\/2012\/09\/19\/sol-og-stromsvigt-paa-telendos\/","title":{"rendered":"Sol og str\u00f8msvigt p\u00e5 Telendos"},"content":{"rendered":"<p><strong>Morgen- og aftentimerne er de sk\u00f8nneste p\u00e5 den gr\u00e6ske \u00f8 Telendos, for da er der en smule k\u00f8lighed, og farverne bliver bl\u00f8de.<\/strong><\/p>\n<div id=\"attachment_9335\" style=\"width: 610px\" class=\"wp-caption alignnone\"><a href=\"http:\/\/\/\/sitestory.dk\/wordpress\/wp-content\/uploads\/2012\/09\/early-birds.jpg\"><img loading=\"lazy\" decoding=\"async\" aria-describedby=\"caption-attachment-9335\" class=\" wp-image-9335\" title=\"Early birds\" src=\"http:\/\/\/\/sitestory.dk\/wordpress\/wp-content\/uploads\/2012\/09\/early-birds.jpg\" alt=\"Early birds\" width=\"600\" height=\"400\" srcset=\"https:\/\/sitestory.dk\/wordpress\/wp-content\/uploads\/2012\/09\/early-birds.jpg 600w, https:\/\/sitestory.dk\/wordpress\/wp-content\/uploads\/2012\/09\/early-birds-300x200.jpg 300w\" sizes=\"auto, (max-width: 600px) 100vw, 600px\" \/><\/a><p id=\"caption-attachment-9335\" class=\"wp-caption-text\">Early birds<\/p><\/div>\n<p>Det blev koldt i nat, og jeg tog pyjamas p\u00e5. Knap var jeg slumret ind, f\u00f8r jeg blev v\u00e6kket af et bl\u00e5t lys, som t\u00e6ndte over d\u00f8ren. En fjern sirene gik i gang. <em>\u201dHvad f&#8230;..!\u201d<\/em> udbr\u00f8d jeg. <em>\u201dDet forsvinder om et par sekunder,\u201d<\/em> sagde Helle, der ogs\u00e5 var v\u00e5gnet. Det var sket tidligere, uden jeg havde bem\u00e6rket det.<\/p>\n<p>Sekunderne blev til minutter, f\u00f8r lyset forsvandt, og s\u00e5 kom det igen, forsvandt, kom igen osv.<\/p>\n<p>Det viste sig at v\u00e6re str\u00f8msvigt: N\u00e5r str\u00f8mmen svigtede, t\u00e6ndte det bl\u00e5 lys, og n\u00e5r den kom tilbage, slukkede det. Da lysshowet endelig stoppede, begyndte hanerne at gale, og s\u00e5 kunne man jo lige s\u00e5 godt st\u00e5 op.<\/p>\n<p>Jeg ved godt, at jeg forleden brokkede mig over hanernes morgengalskab, men det var kun p\u00e5 skr\u00f8mt, for morgenen er pragtfuld her p\u00e5 Telendos.\u00a0N\u00e5r jeg st\u00e5r op lidt efter h\u00f8nsene, gemmer solen sig endnu bag Kalymnos&#8217; vilde bjerge, og str\u00e6det ligner koldflydende st\u00e5l.<\/p>\n<p>N\u00e5r kaffen er f\u00e6rdig, g\u00e5r det hurtigt. F\u00f8r solen stiger op over bjergtoppene, sender den spejdende str\u00e5ler opad, og n\u00e5r den selv runder tinderne, bades Telendos i lys, som f\u00e5r farverne til at blusse og de fleste haner til at holde k\u00e6ft.<\/p>\n<p>Myrties og Massouri p\u00e5 den anden side m\u00e5 vente endnu nogle timer i gus og skygge; det har sine fordele at bo p\u00e5 solsiden.<\/p>\n<p><a href=\"http:\/\/\/\/sitestory.dk\/wordpress\/wp-content\/uploads\/2012\/09\/solopgang-kalymnos.jpg\"><img loading=\"lazy\" decoding=\"async\" class=\"alignnone  wp-image-9336\" style=\"border: 1px solid black;\" title=\"Solopgang over Kalymnos\" src=\"http:\/\/\/\/sitestory.dk\/wordpress\/wp-content\/uploads\/2012\/09\/solopgang-kalymnos.jpg\" alt=\"Solopgang over Kalymnos\" width=\"600\" height=\"400\" srcset=\"https:\/\/sitestory.dk\/wordpress\/wp-content\/uploads\/2012\/09\/solopgang-kalymnos.jpg 600w, https:\/\/sitestory.dk\/wordpress\/wp-content\/uploads\/2012\/09\/solopgang-kalymnos-300x200.jpg 300w\" sizes=\"auto, (max-width: 600px) 100vw, 600px\" \/><\/a><\/p>\n<p>Solen er enehersker. Vi s\u00f8ger skyggen, men selv i skyggen kan der v\u00e6re meget varmt fra middagstid og nogle timer frem. Det hjalp lidt i g\u00e5r, hvor der for f\u00f8rste gang i flere dage meldte sig en brise over middag.<\/p>\n<p>Varmen bestemmer, hvilke inaktiviteter man kaster sig ud i hvorn\u00e5r, men n\u00e5r jeg har f\u00e5et min eftermiddagsdukkert, er der skygge p\u00e5 bal-balkonen, og temperaturen er for alvor behagelig.<\/p>\n<p>Mens isterningerne er p\u00e5 skrump, nyder vi udsigten og gl\u00e6der os til solnedgangen og aftensmaden. Flokke af sm\u00e5fugle samles i tr\u00e6kronerne og snakker i n\u00e6bbet p\u00e5 hinanden.<\/p>\n<p><!--more-->Kyllingerne, som roterede over Taverna Zorbas \u00e5bne ildsted i g\u00e5r, var dog en t\u00f8r skuffelse. De havde roteret for l\u00e6nge, men der kan ikke v\u00e6re gevinst hver gang. Til geng\u00e6ld er det hjemmebagte br\u00f8d altid l\u00e6kkert:<\/p>\n<p><a href=\"http:\/\/\/\/sitestory.dk\/wordpress\/wp-content\/uploads\/2012\/09\/zorbas-broed.jpg\"><img loading=\"lazy\" decoding=\"async\" class=\"alignnone  wp-image-9337\" style=\"border: 1px solid black;\" title=\"Zorbas' hjemmebagte br\u00f8d\" src=\"http:\/\/\/\/sitestory.dk\/wordpress\/wp-content\/uploads\/2012\/09\/zorbas-broed.jpg\" alt=\"Zorbas' hjemmebagte br\u00f8d\" width=\"600\" height=\"400\" srcset=\"https:\/\/sitestory.dk\/wordpress\/wp-content\/uploads\/2012\/09\/zorbas-broed.jpg 600w, https:\/\/sitestory.dk\/wordpress\/wp-content\/uploads\/2012\/09\/zorbas-broed-300x200.jpg 300w\" sizes=\"auto, (max-width: 600px) 100vw, 600px\" \/><\/a><\/p>\n<h3>Turismen p\u00e5 Telendos<\/h3>\n<p>Der er vist flere turister p\u00e5 Telendos end sidste \u00e5r ved samme tid. I fjor kunne jeg ofte have bystranden for mig selv om eftermiddagen, men nu kan der v\u00e6re helt op til 6-7 personer, n\u00e5r jeg s\u00e6tter mig p\u00e5 halvmuren under tamarisktr\u00e6erne.<\/p>\n<p>Der er en 7-8 taverner, og f\u00e6rre borde st\u00e5r tomme end sidste \u00e5r. Vores v\u00e6rt, Mikes, sagde, at der har v\u00e6ret en del danskere i \u00e5r, og det kan godt passe. N\u00e5r en herre siger: <em>\u201dEr der ingen gedem\u00e6lk?\u201d<\/em> [til kaffen] ved man, at det er en landsmand.<\/p>\n<p>Vi har ingen klaphat i bagagen og giver os ikke til kende. S\u00e5dan er vi lidt private og os selv nok.<\/p>\n<p>Det gl\u00e6der mig p\u00e5 de lokales vegne, hvis det g\u00e5r rimeligt. Turismen er deres livsgrundlag, og med ca. 130 sengepladser til overnattende g\u00e6ster er der ingen akut fare for, at Telendos bliver et fluepapir.<\/p>\n<p>Og s\u00e5 fort\u00e6ller Mikes i \u00f8vrigt ogs\u00e5, at det regner i det meste af Gr\u00e6kenland undtaget her. Send en venlig tanke til staklerne p\u00e5 Rhodos \u2026<\/p>\n<p>P.S. Dette indl\u00e6g blev skrevet tirsdag, men internetforbindelsen var nede \u2013 sikkert pga. str\u00f8msvigtene, som fortsatte dagen igennem.<\/p>\n<p><strong>Relateret:<\/strong><\/p>\n<ul>\n<li><a title=\"Penthouse med havudsigt p\u00e5 Kos\" href=\"http:\/\/\/\/sitestory.dk\/wordpress\/2012\/09\/12\/penthouse-med-havudsigt-pa-kos\/\">Penthouse med havudsigt p\u00e5 Kos<\/a><\/li>\n<li><a title=\"Penthouse med havudsigt p\u00e5 Kos\" href=\"http:\/\/\/\/sitestory.dk\/wordpress\/2012\/09\/12\/penthouse-med-havudsigt-pa-kos\/\">Feriestart i Mastichari p\u00e5 Kos<\/a><\/li>\n<li><a title=\"Fra Kos til Telendos\" href=\"http:\/\/\/\/sitestory.dk\/wordpress\/2012\/09\/15\/fra-kos-til-telendos\/\">Fra Kos til Telendos<\/a><\/li>\n<li><a title=\"Galskab p\u00e5 Telendos\" href=\"http:\/\/\/\/sitestory.dk\/wordpress\/2012\/09\/16\/galskab-pa-telendos\/\">Galskab p\u00e5 Telendos<\/a><\/li>\n<li><a title=\"Blandet nyt fra det gr\u00e6ske \u00f8hav\" href=\"http:\/\/\/\/sitestory.dk\/wordpress\/2012\/09\/17\/blandet-nyt-fra-det-graeske-oehav\/\">Blandet nyt fra det gr\u00e6ske \u00f8hav<\/a><\/li>\n<li><a title=\"Den gr\u00e6ske morlil og en uventet gave\" href=\"http:\/\/\/\/sitestory.dk\/wordpress\/2012\/09\/20\/den-graeske-morlil-og-en-uventet-gave\/\">Den gr\u00e6ske morlil og en uventet gave<\/a><\/li>\n<li><a title=\"Typer p\u00e5 Telendos\" href=\"http:\/\/\/\/sitestory.dk\/wordpress\/2012\/09\/21\/typer-pa-telendos\/\">Typer p\u00e5 Telendos<\/a><\/li>\n<li><a title=\"Tidens gang p\u00e5 Telendos\" href=\"http:\/\/\/\/sitestory.dk\/wordpress\/2012\/09\/22\/tidens-gang-pa-telendos\/\">Tidens gang p\u00e5 Telendos<\/a><\/li>\n<li><a title=\"Afsked med Gr\u00e6kenland\" href=\"http:\/\/\/\/sitestory.dk\/wordpress\/2012\/09\/23\/afsked-med-graekenland\/\">Afsked med Gr\u00e6kenland<\/a><\/li>\n<li><a title=\"Telendos p\u00e5 video\" href=\"http:\/\/\/\/sitestory.dk\/wordpress\/2012\/09\/29\/telendos-paa-video\/\">Telendos p\u00e5 video<\/a><\/li>\n<li><a title=\"Rejsebeskrivelse 2011\" href=\"http:\/\/www.sitestory.dk\/rejser\/telendos-2011\/index.htm\">Telendos 2011<\/a><\/li>\n<li><a title=\"Rejsebeskrivelse 2010\" href=\"http:\/\/www.sitestory.dk\/rejser\/telendos-2010\/index.htm\">Telendos 2010<\/a><\/li>\n<li><a title=\"Rejsebeskrivelse 2009\" href=\"http:\/\/www.sitestory.dk\/rejser\/telendos2009\/index.htm\">Telendos 2009<\/a><\/li>\n<\/ul>\n","protected":false},"excerpt":{"rendered":"<p>Morgen- og aftentimerne er de sk\u00f8nneste p\u00e5 den gr\u00e6ske \u00f8 Telendos, for da er der en smule k\u00f8lighed, og farverne bliver bl\u00f8de.<\/p>\n","protected":false},"author":10,"featured_media":0,"comment_status":"open","ping_status":"open","sticky":false,"template":"","format":"standard","meta":{"footnotes":""},"categories":[21],"tags":[1853,2372,2015,2097],"class_list":["post-9334","post","type-post","status-publish","format-standard","hentry","category-rejse","tag-sol","tag-stromsvigt","tag-telendos","tag-turisme"],"_links":{"self":[{"href":"https:\/\/sitestory.dk\/wordpress\/wp-json\/wp\/v2\/posts\/9334","targetHints":{"allow":["GET"]}}],"collection":[{"href":"https:\/\/sitestory.dk\/wordpress\/wp-json\/wp\/v2\/posts"}],"about":[{"href":"https:\/\/sitestory.dk\/wordpress\/wp-json\/wp\/v2\/types\/post"}],"author":[{"embeddable":true,"href":"https:\/\/sitestory.dk\/wordpress\/wp-json\/wp\/v2\/users\/10"}],"replies":[{"embeddable":true,"href":"https:\/\/sitestory.dk\/wordpress\/wp-json\/wp\/v2\/comments?post=9334"}],"version-history":[{"count":0,"href":"https:\/\/sitestory.dk\/wordpress\/wp-json\/wp\/v2\/posts\/9334\/revisions"}],"wp:attachment":[{"href":"https:\/\/sitestory.dk\/wordpress\/wp-json\/wp\/v2\/media?parent=9334"}],"wp:term":[{"taxonomy":"category","embeddable":true,"href":"https:\/\/sitestory.dk\/wordpress\/wp-json\/wp\/v2\/categories?post=9334"},{"taxonomy":"post_tag","embeddable":true,"href":"https:\/\/sitestory.dk\/wordpress\/wp-json\/wp\/v2\/tags?post=9334"}],"curies":[{"name":"wp","href":"https:\/\/api.w.org\/{rel}","templated":true}]}}