{"id":9342,"date":"2012-09-20T10:06:16","date_gmt":"2012-09-20T08:06:16","guid":{"rendered":"http:\/\/\/\/sitestory.dk\/wordpress\/?p=9342"},"modified":"2015-01-01T12:07:38","modified_gmt":"2015-01-01T11:07:38","slug":"den-graeske-morlil-og-en-uventet-gave","status":"publish","type":"post","link":"https:\/\/sitestory.dk\/wordpress\/2012\/09\/20\/den-graeske-morlil-og-en-uventet-gave\/","title":{"rendered":"Den gr\u00e6ske morlil og en uventet gave"},"content":{"rendered":"<p><strong>Den gr\u00e6ske g\u00e6stfrihed er kendt, men det var alligevel en overraskelse, at den skulle komme fra den gr\u00e6ske morlil, som g\u00f8r rent i lejligheden.<\/strong><\/p>\n<div id=\"attachment_9343\" style=\"width: 610px\" class=\"wp-caption alignnone\"><a href=\"http:\/\/\/\/sitestory.dk\/wordpress\/wp-content\/uploads\/2012\/09\/graesk-morlil.jpg\"><img loading=\"lazy\" decoding=\"async\" aria-describedby=\"caption-attachment-9343\" class=\"size-full wp-image-9343\" title=\"Gr\u00e6sk morlil\" src=\"http:\/\/\/\/sitestory.dk\/wordpress\/wp-content\/uploads\/2012\/09\/graesk-morlil.jpg\" alt=\"Gr\u00e6sk morlil\" width=\"600\" height=\"400\" srcset=\"https:\/\/sitestory.dk\/wordpress\/wp-content\/uploads\/2012\/09\/graesk-morlil.jpg 600w, https:\/\/sitestory.dk\/wordpress\/wp-content\/uploads\/2012\/09\/graesk-morlil-300x200.jpg 300w\" sizes=\"auto, (max-width: 600px) 100vw, 600px\" \/><\/a><p id=\"caption-attachment-9343\" class=\"wp-caption-text\">(En anden) Gr\u00e6sk morlil p\u00e5 Telendos&#8217; mole.<\/p><\/div>\n<p>S\u00f8ndag formiddag stod den gr\u00e6ske morlil p\u00e5 lur, da vi kom ned ad trappen fra lejligheden. <em>\u201dKeys? Clean?\u201d<\/em> spurgte hun og rakte h\u00e5nden frem.<\/p>\n<p>L\u00f8rdag l\u00e5ste jeg, da vi gik. Dels er man jo storbymenneske, dels er det er den eneste m\u00e5de at lukke d\u00f8ren ude fra. Kun indvendig er der et h\u00e5ndtag, som kan dreje palen.<\/p>\n<p>Jeg havde ikke forestillet mig, at reng\u00f8ringen ikke havde n\u00f8gle, og i \u00f8vrigt stod den anden d\u00f8r p\u00e5 fl\u00f8jen piv\u00e5ben for at f\u00e5 gennemtr\u00e6k, s\u00e5 hun kunne bare g\u00e5 ind den vej.<\/p>\n<p>Men hun fik selvf\u00f8lgelig n\u00f8glerne, og de sad i d\u00f8ren, da vi kom hjem. Siden har vi ikke l\u00e5st. Her er der ingen, der l\u00f8ber med min pyjamas.<\/p>\n<p><!--more-->Der er reng\u00f8ring hver anden dag, og tirsdag ville morlil nok ingen chancer tage, for hun troppede op p\u00e5 bal-balkonen med favnen fuld af linned, netop som vi var ved at g\u00e5.<\/p>\n<p>Om hun eller manden er Mikes&#8217; \u201dcousin\u201d er sv\u00e6rt at greje og ret beset ogs\u00e5 ligegyldigt. Her er alle i familie med hinanden i en eller anden grad. Morlil er ca. 1,60 h\u00f8j, tynd og senet. Ansigtet er furet og brunt som tr\u00e6beskyttelse. Kjolen er bl\u00e5 og nistret, s\u00e5 hun h\u00f8rer ikke til de konservative, der b\u00e6rer ensfarvet sort eller brunt, og hun b\u00e6rer heller ikke t\u00f8rkl\u00e6de, men derimod en snehvid kasket.<\/p>\n<p><em>\u201dClean?\u201d<\/em> sp\u00f8rger hun, b\u00f8rster nogle imagin\u00e6re krummer af bordet og l\u00e6gger stablen af net sammenfoldede h\u00e5ndkl\u00e6der.<\/p>\n<p>Jeg blev ikke overrasket, da hun pludselig stod der, men hun overrasker mig, da hun ud af ingenting, som en taskenspiller, pludselig r\u00e6kker en fin pap\u00e6ske frem mod Helle. Om \u00e6sken er et nydeligt b\u00e5nd med sl\u00f8jfe.<\/p>\n<p><em>\u201d\u00c5h, tak!\u201d<\/em> og hvad man ellers kan finde p\u00e5 at sige. \u00c6sken indeholder fire cupcakes og nogle stykker hjemmebag med chokoladecreme og -glasur, stykvis indpakket i guldpapir.<\/p>\n<p>Da vi kommer hjem, sidder n\u00f8glerne i d\u00f8ren, og lejligheden dufter af reng\u00f8ringsmiddel. Jeg spiste en cupcake med mandeldrys til eftermiddagskaffen, og den var s\u00e5 frisk, at det n\u00e6sten kun kan v\u00e6re hjemmebag.<\/p>\n<p>Vi m\u00e5 huske at glemme \u00e6ske og b\u00e5nd p\u00e5 k\u00f8kkenbordet. Guldpapiret er nok et nummer for snasket.<\/p>\n<p><strong>Relateret:<\/strong><\/p>\n<ul>\n<li><a title=\"Penthouse med havudsigt p\u00e5 Kos\" href=\"http:\/\/\/\/sitestory.dk\/wordpress\/2012\/09\/12\/penthouse-med-havudsigt-pa-kos\/\">Penthouse med havudsigt p\u00e5 Kos<\/a><\/li>\n<li><a title=\"Penthouse med havudsigt p\u00e5 Kos\" href=\"http:\/\/\/\/sitestory.dk\/wordpress\/2012\/09\/12\/penthouse-med-havudsigt-pa-kos\/\">Feriestart i Mastichari p\u00e5 Kos<\/a><\/li>\n<li><a title=\"Fra Kos til Telendos\" href=\"http:\/\/\/\/sitestory.dk\/wordpress\/2012\/09\/15\/fra-kos-til-telendos\/\">Fra Kos til Telendos<\/a><\/li>\n<li><a title=\"Galskab p\u00e5 Telendos\" href=\"http:\/\/\/\/sitestory.dk\/wordpress\/2012\/09\/16\/galskab-pa-telendos\/\">Galskab p\u00e5 Telendos<\/a><\/li>\n<li><a title=\"Blandet nyt fra det gr\u00e6ske \u00f8hav\" href=\"http:\/\/\/\/sitestory.dk\/wordpress\/2012\/09\/17\/blandet-nyt-fra-det-graeske-oehav\/\">Blandet nyt fra det gr\u00e6ske \u00f8hav<\/a><\/li>\n<li><a title=\"Sol og str\u00f8msvigt p\u00e5 Telendos\" href=\"http:\/\/\/\/sitestory.dk\/wordpress\/2012\/09\/19\/sol-og-stromsvigt-paa-telendos\/\">Sol og str\u00f8msvigt p\u00e5 Telendos<\/a><\/li>\n<li><a title=\"Typer p\u00e5 Telendos\" href=\"http:\/\/\/\/sitestory.dk\/wordpress\/2012\/09\/21\/typer-pa-telendos\/\">Typer p\u00e5 Telendos<\/a><\/li>\n<li><a title=\"Tidens gang p\u00e5 Telendos\" href=\"http:\/\/\/\/sitestory.dk\/wordpress\/2012\/09\/22\/tidens-gang-pa-telendos\/\">Tidens gang p\u00e5 Telendos<\/a><\/li>\n<li><a title=\"Afsked med Gr\u00e6kenland\" href=\"http:\/\/\/\/sitestory.dk\/wordpress\/2012\/09\/23\/afsked-med-graekenland\/\">Afsked med Gr\u00e6kenland<\/a><\/li>\n<li><a title=\"Telendos p\u00e5 video\" href=\"http:\/\/\/\/sitestory.dk\/wordpress\/2012\/09\/29\/telendos-paa-video\/\">Telendos p\u00e5 video<\/a><\/li>\n<li><a title=\"Rejsebeskrivelse 2011\" href=\"http:\/\/www.sitestory.dk\/rejser\/telendos-2011\/index.htm\">Telendos 2011<\/a><\/li>\n<li><a title=\"Rejsebeskrivelse 2010\" href=\"http:\/\/www.sitestory.dk\/rejser\/telendos-2010\/index.htm\">Telendos 2010<\/a><\/li>\n<li><a title=\"Rejsebeskrivelse 2009\" href=\"http:\/\/www.sitestory.dk\/rejser\/telendos2009\/index.htm\">Telendos 2009<\/a><\/li>\n<\/ul>\n","protected":false},"excerpt":{"rendered":"<p>Den gr\u00e6ske g\u00e6stfrihed er kendt, men det var alligevel en overraskelse, at den skulle komme fra den gr\u00e6ske morlil, som g\u00f8r rent i lejligheden. S\u00f8ndag formiddag stod den gr\u00e6ske morlil p\u00e5 lur, da vi kom ned ad trappen fra lejligheden. \u201dKeys? Clean?\u201d spurgte hun og rakte h\u00e5nden frem. (&#8230;)<\/p>\n","protected":false},"author":10,"featured_media":0,"comment_status":"open","ping_status":"open","sticky":false,"template":"","format":"standard","meta":{"footnotes":""},"categories":[21],"tags":[2373,782,2374,2375],"class_list":["post-9342","post","type-post","status-publish","format-standard","hentry","category-rejse","tag-gave","tag-gaestfrihed","tag-kage","tag-rengoring"],"_links":{"self":[{"href":"https:\/\/sitestory.dk\/wordpress\/wp-json\/wp\/v2\/posts\/9342","targetHints":{"allow":["GET"]}}],"collection":[{"href":"https:\/\/sitestory.dk\/wordpress\/wp-json\/wp\/v2\/posts"}],"about":[{"href":"https:\/\/sitestory.dk\/wordpress\/wp-json\/wp\/v2\/types\/post"}],"author":[{"embeddable":true,"href":"https:\/\/sitestory.dk\/wordpress\/wp-json\/wp\/v2\/users\/10"}],"replies":[{"embeddable":true,"href":"https:\/\/sitestory.dk\/wordpress\/wp-json\/wp\/v2\/comments?post=9342"}],"version-history":[{"count":0,"href":"https:\/\/sitestory.dk\/wordpress\/wp-json\/wp\/v2\/posts\/9342\/revisions"}],"wp:attachment":[{"href":"https:\/\/sitestory.dk\/wordpress\/wp-json\/wp\/v2\/media?parent=9342"}],"wp:term":[{"taxonomy":"category","embeddable":true,"href":"https:\/\/sitestory.dk\/wordpress\/wp-json\/wp\/v2\/categories?post=9342"},{"taxonomy":"post_tag","embeddable":true,"href":"https:\/\/sitestory.dk\/wordpress\/wp-json\/wp\/v2\/tags?post=9342"}],"curies":[{"name":"wp","href":"https:\/\/api.w.org\/{rel}","templated":true}]}}